{"id":5664,"date":"2022-08-21T17:48:26","date_gmt":"2022-08-21T22:48:26","guid":{"rendered":"http:\/\/127.0.0.1\/portal\/?p=5664"},"modified":"2022-08-21T18:30:03","modified_gmt":"2022-08-21T23:30:03","slug":"jornada-de-socializacion-y-control-social-del-proyecto","status":"publish","type":"post","link":"https:\/\/innovacioneducativachoco.edu.co\/portal\/2022\/08\/21\/jornada-de-socializacion-y-control-social-del-proyecto\/","title":{"rendered":"Jornada de socializaci\u00f3n y control social del proyecto"},"content":{"rendered":"\n<p class=\"has-text-align-center\"><strong>Invitaci\u00f3n a jornada de socializaci\u00f3n del proyecto: \u201cFortalecimiento de capacidades de CTeI para la innovaci\u00f3n educativa en educaci\u00f3n b\u00e1sica y media, mediante uso de tic en instituciones oficiales del departamento del Choc\u00f3\u201d, BPIN: 2021000100135<\/strong><\/p>\n\n\n\n<p><strong>Dirigido a:<\/strong><\/p>\n\n\n\n<ul class=\"wp-block-list\"><li>Rectores y docentes de instituciones educativas de nivel b\u00e1sico y medio.<\/li><li>Estudiantes de b\u00e1sica y media  y sus acudientes.<\/li><li>Investigadores.<\/li><li>Comunidad en general.<\/li><\/ul>\n\n\n\n<p>El equipo de trabajo del proyecto \u201cFortalecimiento de capacidades de CTeI para la innovaci\u00f3n educativa en educaci\u00f3n b\u00e1sica y media, mediante uso de TIC en instituciones oficiales del departamento del Choc\u00f3\u201d invita a: secretarios de educaci\u00f3n, rectores, docentes, estudiantes de instituciones educativas de nivel b\u00e1sico y medio, investigadores y comunidad en general a la jornada de socializaci\u00f3n del proyecto que se realizar\u00e1 el d\u00eda jueves, <strong>25 de agosto del 2022 a las 8:00 am<\/strong>.<\/p>\n\n\n\n<p>Este proyecto es financiado por el Sistema General de Regal\u00edas \u2013 SGR, y ejecutado por la Universidad Tecnol\u00f3gica del Choc\u00f3 y la Alcald\u00eda municipal de Quibd\u00f3, teniendo como objetivo principal el fortalecimiento de capacidades de CTel de la educaci\u00f3n b\u00e1sica y med\u00eda del departamento.<\/p>\n\n\n\n<p>Esperamos contar con su presencia y participaci\u00f3n, el d\u00eda 25 de agosto a la 8:00 am, en el auditorio de la Universidad Tecnol\u00f3gica del Choc\u00f3 Diego Luis C\u00f3rdoba Cra. 22 N\u00b0 18B-10B\/ Nicol\u00e1s Medrano.<\/p>\n\n\n\n<p>Tambi\u00e9n, se compartir\u00e1 la presentaci\u00f3n mediante la plataforma Microsoft Teams, <a href=\"https:\/\/acortar.link\/ZevROo\">https:\/\/acortar.link\/ZevROo<\/a> o c\u00f3digo QR.<\/p>\n\n\n\n<figure class=\"wp-block-image size-full is-style-default\"><img loading=\"lazy\" decoding=\"async\" width=\"168\" height=\"168\" src=\"http:\/\/127.0.0.1\/portal\/wp-content\/uploads\/2022\/08\/qr-lanzamiento.png\" alt=\"\" class=\"wp-image-5672\" srcset=\"https:\/\/innovacioneducativachoco.edu.co\/portal\/wp-content\/uploads\/2022\/08\/qr-lanzamiento.png 168w, https:\/\/innovacioneducativachoco.edu.co\/portal\/wp-content\/uploads\/2022\/08\/qr-lanzamiento-150x150.png 150w\" sizes=\"auto, (max-width: 168px) 100vw, 168px\" \/><\/figure>\n","protected":false},"excerpt":{"rendered":"<p>Invitaci\u00f3n a jornada de socializaci\u00f3n del proyecto: \u201cFortalecimiento de capacidades de CTeI para la innovaci\u00f3n educativa en educaci\u00f3n b\u00e1sica y media, mediante uso de tic en instituciones oficiales del departamento del Choc\u00f3\u201d, BPIN: 2021000100135 Dirigido a: Rectores y docentes de instituciones educativas de nivel b\u00e1sico y medio. Estudiantes de b\u00e1sica y media y sus acudientes.<\/p>\n","protected":false},"author":1,"featured_media":5676,"comment_status":"closed","ping_status":"closed","sticky":false,"template":"","format":"standard","meta":{"footnotes":""},"categories":[1],"tags":[27,26],"class_list":["post-5664","post","type-post","status-publish","format-standard","has-post-thumbnail","hentry","category-sin-categoria","tag-control-social","tag-talleres"],"acf":[],"_links":{"self":[{"href":"https:\/\/innovacioneducativachoco.edu.co\/portal\/wp-json\/wp\/v2\/posts\/5664","targetHints":{"allow":["GET"]}}],"collection":[{"href":"https:\/\/innovacioneducativachoco.edu.co\/portal\/wp-json\/wp\/v2\/posts"}],"about":[{"href":"https:\/\/innovacioneducativachoco.edu.co\/portal\/wp-json\/wp\/v2\/types\/post"}],"author":[{"embeddable":true,"href":"https:\/\/innovacioneducativachoco.edu.co\/portal\/wp-json\/wp\/v2\/users\/1"}],"replies":[{"embeddable":true,"href":"https:\/\/innovacioneducativachoco.edu.co\/portal\/wp-json\/wp\/v2\/comments?post=5664"}],"version-history":[{"count":6,"href":"https:\/\/innovacioneducativachoco.edu.co\/portal\/wp-json\/wp\/v2\/posts\/5664\/revisions"}],"predecessor-version":[{"id":5675,"href":"https:\/\/innovacioneducativachoco.edu.co\/portal\/wp-json\/wp\/v2\/posts\/5664\/revisions\/5675"}],"wp:featuredmedia":[{"embeddable":true,"href":"https:\/\/innovacioneducativachoco.edu.co\/portal\/wp-json\/wp\/v2\/media\/5676"}],"wp:attachment":[{"href":"https:\/\/innovacioneducativachoco.edu.co\/portal\/wp-json\/wp\/v2\/media?parent=5664"}],"wp:term":[{"taxonomy":"category","embeddable":true,"href":"https:\/\/innovacioneducativachoco.edu.co\/portal\/wp-json\/wp\/v2\/categories?post=5664"},{"taxonomy":"post_tag","embeddable":true,"href":"https:\/\/innovacioneducativachoco.edu.co\/portal\/wp-json\/wp\/v2\/tags?post=5664"}],"curies":[{"name":"wp","href":"https:\/\/api.w.org\/{rel}","templated":true}]}}